{"id":302,"date":"2023-05-25T07:27:18","date_gmt":"2023-05-25T11:27:18","guid":{"rendered":"http:\/\/0453402.cpsw-fcsei.com\/tp2\/wordpress\/?p=302"},"modified":"2023-05-25T09:46:41","modified_gmt":"2023-05-25T13:46:41","slug":"302-2","status":"publish","type":"post","link":"http:\/\/0453402.cpsw-fcsei.com\/tp2\/wordpress\/302-2\/","title":{"rendered":"Mont Kilimandjaro"},"content":{"rendered":"\n<div class=\"wp-block-cover is-light\"><span aria-hidden=\"true\" class=\"wp-block-cover__background has-background-dim\"><\/span><img loading=\"lazy\" decoding=\"async\" width=\"2048\" height=\"1300\" class=\"wp-block-cover__image-background wp-image-303\" alt=\"\" src=\"http:\/\/0453402.cpsw-fcsei.com\/tp2\/wordpress\/wp-content\/uploads\/2023\/05\/kilim.jpg\" data-object-fit=\"cover\" srcset=\"http:\/\/0453402.cpsw-fcsei.com\/tp2\/wordpress\/wp-content\/uploads\/2023\/05\/kilim.jpg 2048w, http:\/\/0453402.cpsw-fcsei.com\/tp2\/wordpress\/wp-content\/uploads\/2023\/05\/kilim-300x190.jpg 300w, http:\/\/0453402.cpsw-fcsei.com\/tp2\/wordpress\/wp-content\/uploads\/2023\/05\/kilim-1024x650.jpg 1024w, http:\/\/0453402.cpsw-fcsei.com\/tp2\/wordpress\/wp-content\/uploads\/2023\/05\/kilim-768x488.jpg 768w, http:\/\/0453402.cpsw-fcsei.com\/tp2\/wordpress\/wp-content\/uploads\/2023\/05\/kilim-1536x975.jpg 1536w\" sizes=\"auto, (max-width: 2048px) 100vw, 2048px\" \/><div class=\"wp-block-cover__inner-container is-layout-flow wp-block-cover-is-layout-flow\">\n<p class=\"has-text-align-center has-white-color has-text-color has-x-large-font-size\"><strong>MONT KILIMANDJARO<\/strong><\/p>\n\n\n\n<p class=\"has-text-align-center has-bleu-color has-text-color\"><a href=\"http:\/\/0453402.cpsw-fcsei.com\/tp2\/wordpress\/voyages\/\" data-type=\"URL\" data-id=\"http:\/\/0453402.cpsw-fcsei.com\/tp2\/wordpress\/voyages\/\">Tous les voyages<\/a><\/p>\n<\/div><\/div>\n\n\n\n<div style=\"height:10px\" aria-hidden=\"true\" class=\"wp-block-spacer\"><\/div>\n\n\n\n<div class=\"wp-block-group is-layout-constrained wp-block-group-is-layout-constrained\">\n<div class=\"wp-block-columns alignwide is-layout-flex wp-container-core-columns-is-layout-28f84493 wp-block-columns-is-layout-flex\">\n<div class=\"wp-block-column is-layout-flow wp-block-column-is-layout-flow\" style=\"flex-basis:33.33%\">\n<h2 class=\"wp-block-heading\">Information<\/h2>\n\n\n\n<p><strong>Date de d\u00e9part<\/strong>: 13 juillet 2023<br><strong>Dur\u00e9e du s\u00e9jour<\/strong>: 7 jours<br><strong>Nombre de km de marche<\/strong>: 88km<br><strong>Niveau<\/strong>: Interm\u00e9diaire<br><strong>\u00c9quipements<\/strong>:<\/p>\n\n\n\n<ul class=\"wp-block-list\">\n<li>Bottes de marche<\/li>\n\n\n\n<li>Tente<\/li>\n\n\n\n<li>Sac \u00e0 dos<\/li>\n<\/ul>\n<\/div>\n\n\n\n<div class=\"wp-block-column is-layout-flow wp-block-column-is-layout-flow\" style=\"flex-basis:66.66%\">\n<p>Le Kilimandjaro est une montagne situ\u00e9e dans le Nord-Est de la Tanzanie et compos\u00e9e de trois volcans : le Shira \u00e0 l&rsquo;ouest, culminant \u00e0 3 962 m\u00e8tres d&rsquo;altitude, le Mawenzi \u00e0 l&rsquo;est, s&rsquo;\u00e9levant \u00e0 5 149 m\u00e8tres d&rsquo;altitude, et le Kibo, le plus r\u00e9cent g\u00e9ologiquement, situ\u00e9 entre les deux autres et dont le pic Uhuru \u00e0 5 891,8 m\u00e8tres d&rsquo;altitude constitue le point culminant de l&rsquo;Afrique.<\/p>\n\n\n\n<p>Description du voyage, In hac habitasse platea dictumst. Sed nec venenatis odio. Nulla faucibus ipsum sed faucibus accumsan. Donec rhoncus luctus massa vitae lobortis. Duis consequat, nunc a pretium imperdiet, neque est rhoncus massa, tristique rutrum nisl risus at libero.<\/p>\n\n\n\n<p>Lorem ipsum dolor sit amet consectetur adipiscing elit sodales primis, mollis viverra conubia ligula inceptos laoreet libero tortor, nascetur non habitasse iaculis tempor nec egestas fames augue, platea porta integer nostra curae sed arcu. Nec ut diam vulputate ante scelerisque ridiculus lobortis orci mi curae himenaeos quis.<\/p>\n\n\n\n<p>Senectus curabitur ullamcorper a porttitor nibh fermentum nisi cum morbi aliquam. Vitae pretium vestibulum dui gravida in potenti interdum, class rhoncus neque.<\/p>\n<\/div>\n<\/div>\n<\/div>\n","protected":false},"excerpt":{"rendered":"<p>13 juillet 2023<\/p>\n","protected":false},"author":1,"featured_media":303,"comment_status":"open","ping_status":"open","sticky":false,"template":"wp-custom-template-accueil","format":"standard","meta":{"footnotes":""},"categories":[6],"tags":[],"class_list":["post-302","post","type-post","status-publish","format-standard","has-post-thumbnail","hentry","category-voyage"],"_links":{"self":[{"href":"http:\/\/0453402.cpsw-fcsei.com\/tp2\/wordpress\/wp-json\/wp\/v2\/posts\/302","targetHints":{"allow":["GET"]}}],"collection":[{"href":"http:\/\/0453402.cpsw-fcsei.com\/tp2\/wordpress\/wp-json\/wp\/v2\/posts"}],"about":[{"href":"http:\/\/0453402.cpsw-fcsei.com\/tp2\/wordpress\/wp-json\/wp\/v2\/types\/post"}],"author":[{"embeddable":true,"href":"http:\/\/0453402.cpsw-fcsei.com\/tp2\/wordpress\/wp-json\/wp\/v2\/users\/1"}],"replies":[{"embeddable":true,"href":"http:\/\/0453402.cpsw-fcsei.com\/tp2\/wordpress\/wp-json\/wp\/v2\/comments?post=302"}],"version-history":[{"count":4,"href":"http:\/\/0453402.cpsw-fcsei.com\/tp2\/wordpress\/wp-json\/wp\/v2\/posts\/302\/revisions"}],"predecessor-version":[{"id":340,"href":"http:\/\/0453402.cpsw-fcsei.com\/tp2\/wordpress\/wp-json\/wp\/v2\/posts\/302\/revisions\/340"}],"wp:featuredmedia":[{"embeddable":true,"href":"http:\/\/0453402.cpsw-fcsei.com\/tp2\/wordpress\/wp-json\/wp\/v2\/media\/303"}],"wp:attachment":[{"href":"http:\/\/0453402.cpsw-fcsei.com\/tp2\/wordpress\/wp-json\/wp\/v2\/media?parent=302"}],"wp:term":[{"taxonomy":"category","embeddable":true,"href":"http:\/\/0453402.cpsw-fcsei.com\/tp2\/wordpress\/wp-json\/wp\/v2\/categories?post=302"},{"taxonomy":"post_tag","embeddable":true,"href":"http:\/\/0453402.cpsw-fcsei.com\/tp2\/wordpress\/wp-json\/wp\/v2\/tags?post=302"}],"curies":[{"name":"wp","href":"https:\/\/api.w.org\/{rel}","templated":true}]}}